{"id":3152,"__str__":"Emendas n\u00ba 1 de 2020","metadata":{},"numero":1,"ano":2020,"numero_protocolo":null,"data_apresentacao":"2020-01-23","tipo_apresentacao":"O","data_publicacao":null,"numero_origem_externa":"","ano_origem_externa":null,"data_origem_externa":null,"apelido":"","dias_prazo":null,"data_fim_prazo":null,"em_tramitacao":false,"polemica":false,"objeto":"","complementar":false,"ementa":"EMENDA AO PLC 2/2020, QUE VISA A IGUALAR O REAJUSTE DOS VENCIMENTOS DOS FUNCION\u00c1RIOS P\u00daBLICOS DA C\u00c2MARA MUNICIPAL DE VISTA ALEGRE DO ALTO AO DOS SERVIDORES P\u00daBLICOS MUNICIPAIS DO MUNIC\u00cdPIO DE VISTA ALEGRE DO ALTO.","indexacao":"","observacao":"REPROVADA POR 5 VOTOS CONTR\u00c1RIOS (JOAQUIM RODRIGUES DE FIGUEIREDO; JOS\u00c9 RICARDO JOANINI; MARCELO AMADO GRASSETTI; ROBERTO C\u00c9SAR DE OLIVEIRA SOUSA; E WAGNER APARECIDO DOS SANTOS) E 3 VOTOS FAVOR\u00c1VEIS (ADEMIR APARECIDO COSTA; GILMAR APARECIDO CECATO; MARIA JOS\u00c9 CALDERANI YAEKASHI).","resultado":"","texto_original":"https://legis.vistaalegredoalto.sp.gov.br/media/sapl/public/materialegislativa/2020/3152/3152_texto_integral.pdf","data_ultima_atualizacao":"2023-01-21T23:20:50.431715-03:00","ip":"","ultima_edicao":null,"tipo":18,"regime_tramitacao":1,"tipo_origem_externa":null,"local_origem_externa":null,"user":null,"anexadas":[],"autores":[]}