{"id":3696,"__str__":"Emendas n\u00ba 8 de 2023","metadata":{},"numero":8,"ano":2023,"numero_protocolo":null,"data_apresentacao":"2023-07-19","tipo_apresentacao":"E","data_publicacao":null,"numero_origem_externa":"","ano_origem_externa":null,"data_origem_externa":null,"apelido":"","dias_prazo":null,"data_fim_prazo":null,"em_tramitacao":true,"polemica":true,"objeto":"","complementar":false,"ementa":"Emenda Aditiva n\u00ba 08/2023, apresentada pelo Vereador Roberto C\u00e9sar de Oliveira Sousa ACRESCENTA-SE no ANEXO IV - QUADRO DE CARGOS EFETIVOS (QCE e QCEV) do Projeto de Lei Complementar n\u00ba 03, de 30 de maio de 2023, no local que trata das atribui\u00e7\u00f5es de AUXILIAR DE SERVI\u00c7OS INTERNOS, atuante na Secretaria Municipal de Educa\u00e7\u00e3o e Cultura, o seguinte:","indexacao":"Emenda Aditiva n\u00ba 08/2023, apresentada pelo Vereador Roberto C\u00e9sar de Oliveira Sousa ACRESCENTA-SE no ANEXO IV - QUADRO DE CARGOS EFETIVOS (QCE e QCEV) do Projeto de Lei Complementar n\u00ba 03, de 30 de maio de 2023, no local que trata das atribui\u00e7\u00f5es de AUXILIAR DE SERVI\u00c7OS INTERNOS, atuante na Secretaria Municipal de Educa\u00e7\u00e3o e Cultura, o seguinte:","observacao":"","resultado":"","texto_original":"https://legis.vistaalegredoalto.sp.gov.br/media/sapl/public/materialegislativa/2023/3696/emenda_no08-2023_supressiva_ao_plc_03-2023_000253.pdf","data_ultima_atualizacao":"2023-07-21T14:47:06.300488-03:00","ip":"138.99.51.67","ultima_edicao":"2023-07-21T14:46:07.887603-03:00","tipo":18,"regime_tramitacao":1,"tipo_origem_externa":null,"local_origem_externa":null,"user":26,"anexadas":[],"autores":[40]}