{"id":3775,"__str__":"Projeto de Lei Ordin\u00e1ria n\u00ba 92 de 2023","metadata":{},"numero":92,"ano":2023,"numero_protocolo":null,"data_apresentacao":"2023-12-06","tipo_apresentacao":"E","data_publicacao":null,"numero_origem_externa":"","ano_origem_externa":null,"data_origem_externa":null,"apelido":"","dias_prazo":null,"data_fim_prazo":null,"em_tramitacao":true,"polemica":false,"objeto":"","complementar":false,"ementa":"DISP\u00d5E SOBRE O ESTABELECIMENTO DE COTAS RACIAIS PARA O INGRESSO DE NEGROS E NEGRAS NO SRVI\u00c7O P\u00daBLICO MUNICIPAL EM CARGOS EFETIVOS E COMISSIONADOS DA ADMINISTRA\u00c7\u00c3O P\u00daBLICA DIRETA OU INDIRETA DO MUNIC\u00cdPIO DE VISTA ALEGRE DO ALTO.","indexacao":"DISP\u00d5E SOBRE O ESTABELECIMENTO DE COTAS RACIAIS PARA O INGRESSO DE NEGROS E NEGRAS NO SRVI\u00c7O P\u00daBLICO MUNICIPAL EM CARGOS EFETIVOS E COMISSIONADOS DA ADMINISTRA\u00c7\u00c3O P\u00daBLICA DIRETA OU INDIRETA DO MUNIC\u00cdPIO DE VISTA ALEGRE DO ALTO.","observacao":"","resultado":"","texto_original":"https://legis.vistaalegredoalto.sp.gov.br/media/sapl/public/materialegislativa/2023/3775/pl_92-2023_000414.pdf","data_ultima_atualizacao":"2023-12-07T13:16:42.000087-03:00","ip":"138.99.51.67","ultima_edicao":"2023-12-07T13:14:00.299393-03:00","tipo":1,"regime_tramitacao":3,"tipo_origem_externa":null,"local_origem_externa":null,"user":26,"anexadas":[],"autores":[53,38]}