{"id":4174,"__str__":"Indica\u00e7\u00e3o n\u00ba 18 de 2026","metadata":{},"numero":18,"ano":2026,"numero_protocolo":null,"data_apresentacao":"2026-04-22","tipo_apresentacao":"E","data_publicacao":null,"numero_origem_externa":"","ano_origem_externa":null,"data_origem_externa":null,"apelido":"","dias_prazo":null,"data_fim_prazo":null,"em_tramitacao":true,"polemica":false,"objeto":"","complementar":false,"ementa":"INDICA AO PREFEITO MUNICIPAL QUE TOME AS PROVID\u00caNCIAS NECESS\u00c1RIAS PARA REALIZAR A MANUTEN\u00c7\u00c3O DA \u00c0REA VERDE DA \u00c1REA INDUSTRIAL.","indexacao":"INDICA AO PREFEITO MUNICIPAL QUE TOME AS PROVID\u00caNCIAS NECESS\u00c1RIAS PARA REALIZAR A MANUTEN\u00c7\u00c3O DA \u00c0REA VERDE DA \u00c1REA INDUSTRIAL.","observacao":"","resultado":"","texto_original":"https://legis.vistaalegredoalto.sp.gov.br/media/sapl/public/materialegislativa/2026/4174/ind18-2026.pdf","data_ultima_atualizacao":"2026-04-23T14:04:36.380168-03:00","ip":"45.230.210.238","ultima_edicao":"2026-04-23T14:02:17.275151-03:00","tipo":8,"regime_tramitacao":3,"tipo_origem_externa":null,"local_origem_externa":null,"user":26,"anexadas":[],"autores":[57]}