{"id":5852,"__str__":"Lei Complementar n\u00ba 201, de 01 de agosto de 2023","metadata":{},"texto_integral":"https://legis.vistaalegredoalto.sp.gov.br/media/sapl/public/normajuridica/2023/5852/lei_complementar_no_201_optimized.pdf","numero":"201","ano":2023,"esfera_federacao":"M","data":"2023-08-01","data_publicacao":"2023-08-01","veiculo_publicacao":"DI\u00c1RIO OFICIAL","pagina_inicio_publicacao":null,"pagina_fim_publicacao":null,"ementa":"DISP\u00d5E SOBRE A REORGANIZA\u00c7\u00c3O E CONSOLIDA\u00c7\u00c3O DO QUADRO DE CARGOS EFETIVOS DA PREFEITURA MUNICIPAL DE VISTA ALEGRE DO ALTO.","indexacao":"DISP\u00d5E SOBRE A REORGANIZA\u00c7\u00c3O E CONSOLIDA\u00c7\u00c3O DO QUADRO DE CARGOS EFETIVOS DA PREFEITURA MUNICIPAL DE VISTA ALEGRE DO ALTO.","observacao":"","complemento":true,"data_vigencia":null,"timestamp":"2023-08-04T14:54:41.667369-03:00","data_ultima_atualizacao":"2023-08-04T14:54:41.918340-03:00","ip":"138.99.51.67","ultima_edicao":"2023-08-04T14:53:59.074972-03:00","tipo":2,"materia":3690,"orgao":null,"user":26,"assuntos":[],"autores":[]}