{"id":2444,"__str__":"Ordem do Dia/Expediente: 7 - Requerimento n\u00ba 5 de 2022 em 34\u00aa Ordin\u00e1ria da 2\u00aa Sess\u00e3o Legislativa da 15\u00aa Legislatura","metadata":{},"data_ordem":"2022-09-12","observacao":"REQUER A MESA, AP\u00d3S OUVIDO O PLEN\u00c1RIO, QUE O PRESENTE PEDIDO SEJA APRECIADO, EM REGIME DE URG\u00caNCIA ESPECIAL, E ENCAMINHADO AO EXECUTIVO MUNICIPAL, PARA QUE SE DIGNE ESCLARECER ALGUMAS QUEST\u00d5ES DE INTERESSE DA POPULA\u00c7\u00c3O \u00c0 ESSA C\u00c2MARA MUNICIPAL, CONFORME SOLICITADO A SEGUIR:\r\n1) QUANTAS CRIAN\u00c7AS EST\u00c3O, ATUALMENTE, FREQUENTANDO AS CRECHES DO MUNIC\u00cdPIO?\r\n2)  COMO \u00c9 FEITA A DISTRIBUI\u00c7\u00c3O DOS ALUNOS NOS DOIS ESTABELECIMENTOS EXISTENTES?\r\n3) QUANTAS S\u00c3O AS PROFISSIONAIS QUE TRABALHAM DIRETAMENTE NO ATENDIMENTO PEDAG\u00d3GICO OFERECIDO A ESSAS CRIAN\u00c7AS?\r\n4) QUAL \u00c9 A FORMA\u00c7\u00c3O DESSAS PROFISSIONAIS?\r\n5) CADA PROFISSIONAL (MONITORA) \u00c9 RESPONS\u00c1VEL POR QUANTAS CRIAN\u00c7AS?\r\n6) LEVANDO EM CONSIDERA\u00c7\u00c3O O LOCAL ONDE AS CRIAN\u00c7AS MORAM, H\u00c1 TRANSPORTE P\u00daBLICO PARA AS CRIAN\u00c7AS E SEUS RESPONS\u00c1VEIS LEGAIS.\r\n7) CASO N\u00c3O HAJA, QUAL \u00c9 A RAZ\u00c3O?\r\n8) CASO N\u00c3O HAJA TRANSPORTE P\u00daBLICO DISPON\u00cdVEIS PARA AS CRIAN\u00c7AS E SEUS RESPONS\u00c1VEIS NOS HOR\u00c1RIOS DE ENTRADA E SA\u00cdDA NAS CRECHES, AVALIAR A POSSIBILIDADE DE REFERIDA IMPLANTA\u00c7\u00c3O AINDA NESSE ANO.","numero_ordem":7,"resultado":"","tipo_votacao":1,"votacao_aberta":false,"registro_aberto":false,"sessao_plenaria":289,"materia":3527,"tramitacao":null}